{"id":18173,"date":"2025-11-12T12:07:07","date_gmt":"2025-11-12T11:07:07","guid":{"rendered":"https:\/\/ib-polska.pl\/?p=18173"},"modified":"2025-12-09T17:07:34","modified_gmt":"2025-12-09T16:07:34","slug":"invitation-to-the-workshop-how-to-start-not-from-scratch-but-from-where-we-are","status":"publish","type":"post","link":"https:\/\/ib-polska.pl\/en\/news\/invitation-to-the-workshop-how-to-start-not-from-scratch-but-from-where-we-are\/","title":{"rendered":"Invitation to the workshop &#8220;How to start, not from scratch, but from where we are?&#8221;"},"content":{"rendered":"<p>There are times when we feel a surge of energy and motivation, so we start something new and stick to our plan with enthusiasm. For a while, everything goes great \u2014 we\u2019re consistent, full of strength, even happy, until suddenly\u2026 bam. Illness, lack of time, and a drop in energy. <strong>The motivation disappears, and we start wondering: is it even worth starting again?<\/strong><\/p>\n<p>At the November <a href=\"https:\/\/www.facebook.com\/profile.php?id=61573621495622&amp;__cft__[0]=AZWc4iT_00MS-eJw-bMSpCWk8NQ11LDT7gg9sgJbiUvBUvchXeEHHiml7LV0I1GdFfp9PE450kdxtkVHbJ1E_Od03Nmxt0IIEY1LUFDsQ7mYHhqCbFlwj6qnxe5kmPVIw9QlRDE_L_DrFD9TfD2_jEKnP3ch0WjxLC0-huOtCifZGQ&amp;__tn__=-]K-R\">\u201cRozmowa Inaczej\u201d<\/a> meeting, which will take place on <strong>November 20<\/strong> at our <strong>Multicultural Centre in Krakow<\/strong>, we\u2019ll talk about what stops us and what helps us get back on track. About <strong>how to find meaning in pauses<\/strong>, and how to begin again \u2014 not from scratch, but from where we are right now.<\/p>\n<p>This won\u2019t be a lecture or a workshop, but a space for conversation, listening, and sharing experiences. Everyone is welcome, regardless of age, views, or background.<\/p>\n<p>Details and registration: <a href=\"https:\/\/forms.gle\/oHzL8PXp9T9JwkMd9\">https:\/\/forms.gle\/oHzL8PXp9T9JwkMd9<\/a><\/p>\n<p><img loading=\"lazy\" decoding=\"async\" class=\"size-full wp-image-18168 alignleft\" src=\"https:\/\/ib-polska.pl\/wp-content\/uploads\/2025\/11\/2025-11-12-cw-rozmowa-inaczej-warsztaty-listopad-zaproszenie.jpg\" alt=\"\" width=\"1920\" height=\"1080\" \/><\/p>\n","protected":false},"excerpt":{"rendered":"<p>There are times when we feel a surge of energy [&hellip;]<\/p>\n","protected":false},"author":8,"featured_media":18169,"comment_status":"closed","ping_status":"closed","sticky":false,"template":"","format":"standard","meta":{"_acf_changed":false,"footnotes":""},"categories":[434,392,433,1],"tags":[],"class_list":["post-18173","post","type-post","status-publish","format-standard","has-post-thumbnail","hentry","category-multicultural-centre-in-krakow-events","category-multicultural","category-multicultural-centre-in-krakow","category-news"],"acf":[],"yoast_head":"<!-- This site is optimized with the Yoast SEO plugin v27.4 - https:\/\/yoast.com\/product\/yoast-seo-wordpress\/ -->\n<title>Invitation to the workshop &quot;How to start, not from scratch, but from where we are?&quot; - Internationaler Bund Polska<\/title>\n<meta name=\"robots\" content=\"index, follow, max-snippet:-1, max-image-preview:large, max-video-preview:-1\" \/>\n<link rel=\"canonical\" href=\"https:\/\/ib-polska.pl\/en\/news\/invitation-to-the-workshop-how-to-start-not-from-scratch-but-from-where-we-are\/\" \/>\n<meta property=\"og:locale\" content=\"en_US\" \/>\n<meta property=\"og:type\" content=\"article\" \/>\n<meta property=\"og:title\" content=\"Invitation to the workshop &quot;How to start, not from scratch, but from where we are?&quot; - Internationaler Bund Polska\" \/>\n<meta property=\"og:description\" content=\"There are times when we feel a surge of energy [&hellip;]\" \/>\n<meta property=\"og:url\" content=\"https:\/\/ib-polska.pl\/en\/news\/invitation-to-the-workshop-how-to-start-not-from-scratch-but-from-where-we-are\/\" \/>\n<meta property=\"og:site_name\" content=\"Internationaler Bund Polska\" \/>\n<meta property=\"article:published_time\" content=\"2025-11-12T11:07:07+00:00\" \/>\n<meta property=\"article:modified_time\" content=\"2025-12-09T16:07:34+00:00\" \/>\n<meta property=\"og:image\" content=\"https:\/\/ib-polska.pl\/wp-content\/uploads\/2025\/11\/2025-11-12-cw-rozmowa-inaczej-warsztaty-listopad-zaproszenie.jpg\" \/>\n\t<meta property=\"og:image:width\" content=\"1920\" \/>\n\t<meta property=\"og:image:height\" content=\"1080\" \/>\n\t<meta property=\"og:image:type\" content=\"image\/jpeg\" \/>\n<meta name=\"author\" content=\"Bartek\" \/>\n<meta name=\"twitter:card\" content=\"summary_large_image\" \/>\n<meta name=\"twitter:label1\" content=\"Written by\" \/>\n\t<meta name=\"twitter:data1\" content=\"Bartek\" \/>\n\t<meta name=\"twitter:label2\" content=\"Est. reading time\" \/>\n\t<meta name=\"twitter:data2\" content=\"1 minute\" \/>\n<script type=\"application\/ld+json\" class=\"yoast-schema-graph\">{\"@context\":\"https:\\\/\\\/schema.org\",\"@graph\":[{\"@type\":\"Article\",\"@id\":\"https:\\\/\\\/ib-polska.pl\\\/en\\\/news\\\/invitation-to-the-workshop-how-to-start-not-from-scratch-but-from-where-we-are\\\/#article\",\"isPartOf\":{\"@id\":\"https:\\\/\\\/ib-polska.pl\\\/en\\\/news\\\/invitation-to-the-workshop-how-to-start-not-from-scratch-but-from-where-we-are\\\/\"},\"author\":{\"name\":\"Bartek\",\"@id\":\"https:\\\/\\\/ib-polska.pl\\\/en\\\/#\\\/schema\\\/person\\\/0791d7bad89790aab0f59dc07fed6dba\"},\"headline\":\"Invitation to the workshop &#8220;How to start, not from scratch, but from where we are?&#8221;\",\"datePublished\":\"2025-11-12T11:07:07+00:00\",\"dateModified\":\"2025-12-09T16:07:34+00:00\",\"mainEntityOfPage\":{\"@id\":\"https:\\\/\\\/ib-polska.pl\\\/en\\\/news\\\/invitation-to-the-workshop-how-to-start-not-from-scratch-but-from-where-we-are\\\/\"},\"wordCount\":170,\"publisher\":{\"@id\":\"https:\\\/\\\/ib-polska.pl\\\/en\\\/#organization\"},\"image\":{\"@id\":\"https:\\\/\\\/ib-polska.pl\\\/en\\\/news\\\/invitation-to-the-workshop-how-to-start-not-from-scratch-but-from-where-we-are\\\/#primaryimage\"},\"thumbnailUrl\":\"https:\\\/\\\/ib-polska.pl\\\/wp-content\\\/uploads\\\/2025\\\/11\\\/2025-11-12-cw-rozmowa-inaczej-warsztaty-listopad-zaproszenie.jpg\",\"articleSection\":[\"Events of the Multicultural Centre in Krakow\",\"Multicultural\",\"Multicultural Centre in Krakow\",\"News\"],\"inLanguage\":\"en-US\"},{\"@type\":\"WebPage\",\"@id\":\"https:\\\/\\\/ib-polska.pl\\\/en\\\/news\\\/invitation-to-the-workshop-how-to-start-not-from-scratch-but-from-where-we-are\\\/\",\"url\":\"https:\\\/\\\/ib-polska.pl\\\/en\\\/news\\\/invitation-to-the-workshop-how-to-start-not-from-scratch-but-from-where-we-are\\\/\",\"name\":\"Invitation to the workshop \\\"How to start, not from scratch, but from where we are?\\\" - Internationaler Bund Polska\",\"isPartOf\":{\"@id\":\"https:\\\/\\\/ib-polska.pl\\\/en\\\/#website\"},\"primaryImageOfPage\":{\"@id\":\"https:\\\/\\\/ib-polska.pl\\\/en\\\/news\\\/invitation-to-the-workshop-how-to-start-not-from-scratch-but-from-where-we-are\\\/#primaryimage\"},\"image\":{\"@id\":\"https:\\\/\\\/ib-polska.pl\\\/en\\\/news\\\/invitation-to-the-workshop-how-to-start-not-from-scratch-but-from-where-we-are\\\/#primaryimage\"},\"thumbnailUrl\":\"https:\\\/\\\/ib-polska.pl\\\/wp-content\\\/uploads\\\/2025\\\/11\\\/2025-11-12-cw-rozmowa-inaczej-warsztaty-listopad-zaproszenie.jpg\",\"datePublished\":\"2025-11-12T11:07:07+00:00\",\"dateModified\":\"2025-12-09T16:07:34+00:00\",\"breadcrumb\":{\"@id\":\"https:\\\/\\\/ib-polska.pl\\\/en\\\/news\\\/invitation-to-the-workshop-how-to-start-not-from-scratch-but-from-where-we-are\\\/#breadcrumb\"},\"inLanguage\":\"en-US\",\"potentialAction\":[{\"@type\":\"ReadAction\",\"target\":[\"https:\\\/\\\/ib-polska.pl\\\/en\\\/news\\\/invitation-to-the-workshop-how-to-start-not-from-scratch-but-from-where-we-are\\\/\"]}]},{\"@type\":\"ImageObject\",\"inLanguage\":\"en-US\",\"@id\":\"https:\\\/\\\/ib-polska.pl\\\/en\\\/news\\\/invitation-to-the-workshop-how-to-start-not-from-scratch-but-from-where-we-are\\\/#primaryimage\",\"url\":\"https:\\\/\\\/ib-polska.pl\\\/wp-content\\\/uploads\\\/2025\\\/11\\\/2025-11-12-cw-rozmowa-inaczej-warsztaty-listopad-zaproszenie.jpg\",\"contentUrl\":\"https:\\\/\\\/ib-polska.pl\\\/wp-content\\\/uploads\\\/2025\\\/11\\\/2025-11-12-cw-rozmowa-inaczej-warsztaty-listopad-zaproszenie.jpg\",\"width\":1920,\"height\":1080},{\"@type\":\"BreadcrumbList\",\"@id\":\"https:\\\/\\\/ib-polska.pl\\\/en\\\/news\\\/invitation-to-the-workshop-how-to-start-not-from-scratch-but-from-where-we-are\\\/#breadcrumb\",\"itemListElement\":[{\"@type\":\"ListItem\",\"position\":1,\"name\":\"Home\",\"item\":\"https:\\\/\\\/ib-polska.pl\\\/en\\\/home\\\/\"},{\"@type\":\"ListItem\",\"position\":2,\"name\":\"News\",\"item\":\"https:\\\/\\\/ib-polska.pl\\\/en\\\/k\\\/news\\\/\"},{\"@type\":\"ListItem\",\"position\":3,\"name\":\"Invitation to the workshop &#8222;How to start, not from scratch, but from where we are?&#8221;\"}]},{\"@type\":\"WebSite\",\"@id\":\"https:\\\/\\\/ib-polska.pl\\\/en\\\/#website\",\"url\":\"https:\\\/\\\/ib-polska.pl\\\/en\\\/\",\"name\":\"Internationaler Bund Polska\",\"description\":\"Fundacja Internationaler Bund Polska zosta\u0142a za\u0142o\u017cona w 2004 roku. Jej Fundatorem jest organizacja Internationaler Bund Freier Tr\u00e4ger der Jugend-, Sozial- und Bildungsarbeit e.V. kt\u00f3ra swoj\u0105 tradycj\u0119 rozpocz\u0119\u0142a w 1949 roku na terenie zachodnich Niemiec.\",\"publisher\":{\"@id\":\"https:\\\/\\\/ib-polska.pl\\\/en\\\/#organization\"},\"potentialAction\":[{\"@type\":\"SearchAction\",\"target\":{\"@type\":\"EntryPoint\",\"urlTemplate\":\"https:\\\/\\\/ib-polska.pl\\\/en\\\/?s={search_term_string}\"},\"query-input\":{\"@type\":\"PropertyValueSpecification\",\"valueRequired\":true,\"valueName\":\"search_term_string\"}}],\"inLanguage\":\"en-US\"},{\"@type\":\"Organization\",\"@id\":\"https:\\\/\\\/ib-polska.pl\\\/en\\\/#organization\",\"name\":\"Internationaler Bund Polska\",\"url\":\"https:\\\/\\\/ib-polska.pl\\\/en\\\/\",\"logo\":{\"@type\":\"ImageObject\",\"inLanguage\":\"en-US\",\"@id\":\"https:\\\/\\\/ib-polska.pl\\\/en\\\/#\\\/schema\\\/logo\\\/image\\\/\",\"url\":\"https:\\\/\\\/ib-polska.pl\\\/wp-content\\\/uploads\\\/2024\\\/06\\\/logo-2.png\",\"contentUrl\":\"https:\\\/\\\/ib-polska.pl\\\/wp-content\\\/uploads\\\/2024\\\/06\\\/logo-2.png\",\"width\":193,\"height\":89,\"caption\":\"Internationaler Bund Polska\"},\"image\":{\"@id\":\"https:\\\/\\\/ib-polska.pl\\\/en\\\/#\\\/schema\\\/logo\\\/image\\\/\"}},{\"@type\":\"Person\",\"@id\":\"https:\\\/\\\/ib-polska.pl\\\/en\\\/#\\\/schema\\\/person\\\/0791d7bad89790aab0f59dc07fed6dba\",\"name\":\"Bartek\",\"image\":{\"@type\":\"ImageObject\",\"inLanguage\":\"en-US\",\"@id\":\"https:\\\/\\\/secure.gravatar.com\\\/avatar\\\/9984e044ec24505a34d47c7302c0ef523d2cbb46c9094fded3149e78927ae958?s=96&d=mm&r=g\",\"url\":\"https:\\\/\\\/secure.gravatar.com\\\/avatar\\\/9984e044ec24505a34d47c7302c0ef523d2cbb46c9094fded3149e78927ae958?s=96&d=mm&r=g\",\"contentUrl\":\"https:\\\/\\\/secure.gravatar.com\\\/avatar\\\/9984e044ec24505a34d47c7302c0ef523d2cbb46c9094fded3149e78927ae958?s=96&d=mm&r=g\",\"caption\":\"Bartek\"}}]}<\/script>\n<!-- \/ Yoast SEO plugin. -->","yoast_head_json":{"title":"Invitation to the workshop \"How to start, not from scratch, but from where we are?\" - Internationaler Bund Polska","robots":{"index":"index","follow":"follow","max-snippet":"max-snippet:-1","max-image-preview":"max-image-preview:large","max-video-preview":"max-video-preview:-1"},"canonical":"https:\/\/ib-polska.pl\/en\/news\/invitation-to-the-workshop-how-to-start-not-from-scratch-but-from-where-we-are\/","og_locale":"en_US","og_type":"article","og_title":"Invitation to the workshop \"How to start, not from scratch, but from where we are?\" - Internationaler Bund Polska","og_description":"There are times when we feel a surge of energy [&hellip;]","og_url":"https:\/\/ib-polska.pl\/en\/news\/invitation-to-the-workshop-how-to-start-not-from-scratch-but-from-where-we-are\/","og_site_name":"Internationaler Bund Polska","article_published_time":"2025-11-12T11:07:07+00:00","article_modified_time":"2025-12-09T16:07:34+00:00","og_image":[{"width":1920,"height":1080,"url":"https:\/\/ib-polska.pl\/wp-content\/uploads\/2025\/11\/2025-11-12-cw-rozmowa-inaczej-warsztaty-listopad-zaproszenie.jpg","type":"image\/jpeg"}],"author":"Bartek","twitter_card":"summary_large_image","twitter_misc":{"Written by":"Bartek","Est. reading time":"1 minute"},"schema":{"@context":"https:\/\/schema.org","@graph":[{"@type":"Article","@id":"https:\/\/ib-polska.pl\/en\/news\/invitation-to-the-workshop-how-to-start-not-from-scratch-but-from-where-we-are\/#article","isPartOf":{"@id":"https:\/\/ib-polska.pl\/en\/news\/invitation-to-the-workshop-how-to-start-not-from-scratch-but-from-where-we-are\/"},"author":{"name":"Bartek","@id":"https:\/\/ib-polska.pl\/en\/#\/schema\/person\/0791d7bad89790aab0f59dc07fed6dba"},"headline":"Invitation to the workshop &#8220;How to start, not from scratch, but from where we are?&#8221;","datePublished":"2025-11-12T11:07:07+00:00","dateModified":"2025-12-09T16:07:34+00:00","mainEntityOfPage":{"@id":"https:\/\/ib-polska.pl\/en\/news\/invitation-to-the-workshop-how-to-start-not-from-scratch-but-from-where-we-are\/"},"wordCount":170,"publisher":{"@id":"https:\/\/ib-polska.pl\/en\/#organization"},"image":{"@id":"https:\/\/ib-polska.pl\/en\/news\/invitation-to-the-workshop-how-to-start-not-from-scratch-but-from-where-we-are\/#primaryimage"},"thumbnailUrl":"https:\/\/ib-polska.pl\/wp-content\/uploads\/2025\/11\/2025-11-12-cw-rozmowa-inaczej-warsztaty-listopad-zaproszenie.jpg","articleSection":["Events of the Multicultural Centre in Krakow","Multicultural","Multicultural Centre in Krakow","News"],"inLanguage":"en-US"},{"@type":"WebPage","@id":"https:\/\/ib-polska.pl\/en\/news\/invitation-to-the-workshop-how-to-start-not-from-scratch-but-from-where-we-are\/","url":"https:\/\/ib-polska.pl\/en\/news\/invitation-to-the-workshop-how-to-start-not-from-scratch-but-from-where-we-are\/","name":"Invitation to the workshop \"How to start, not from scratch, but from where we are?\" - Internationaler Bund Polska","isPartOf":{"@id":"https:\/\/ib-polska.pl\/en\/#website"},"primaryImageOfPage":{"@id":"https:\/\/ib-polska.pl\/en\/news\/invitation-to-the-workshop-how-to-start-not-from-scratch-but-from-where-we-are\/#primaryimage"},"image":{"@id":"https:\/\/ib-polska.pl\/en\/news\/invitation-to-the-workshop-how-to-start-not-from-scratch-but-from-where-we-are\/#primaryimage"},"thumbnailUrl":"https:\/\/ib-polska.pl\/wp-content\/uploads\/2025\/11\/2025-11-12-cw-rozmowa-inaczej-warsztaty-listopad-zaproszenie.jpg","datePublished":"2025-11-12T11:07:07+00:00","dateModified":"2025-12-09T16:07:34+00:00","breadcrumb":{"@id":"https:\/\/ib-polska.pl\/en\/news\/invitation-to-the-workshop-how-to-start-not-from-scratch-but-from-where-we-are\/#breadcrumb"},"inLanguage":"en-US","potentialAction":[{"@type":"ReadAction","target":["https:\/\/ib-polska.pl\/en\/news\/invitation-to-the-workshop-how-to-start-not-from-scratch-but-from-where-we-are\/"]}]},{"@type":"ImageObject","inLanguage":"en-US","@id":"https:\/\/ib-polska.pl\/en\/news\/invitation-to-the-workshop-how-to-start-not-from-scratch-but-from-where-we-are\/#primaryimage","url":"https:\/\/ib-polska.pl\/wp-content\/uploads\/2025\/11\/2025-11-12-cw-rozmowa-inaczej-warsztaty-listopad-zaproszenie.jpg","contentUrl":"https:\/\/ib-polska.pl\/wp-content\/uploads\/2025\/11\/2025-11-12-cw-rozmowa-inaczej-warsztaty-listopad-zaproszenie.jpg","width":1920,"height":1080},{"@type":"BreadcrumbList","@id":"https:\/\/ib-polska.pl\/en\/news\/invitation-to-the-workshop-how-to-start-not-from-scratch-but-from-where-we-are\/#breadcrumb","itemListElement":[{"@type":"ListItem","position":1,"name":"Home","item":"https:\/\/ib-polska.pl\/en\/home\/"},{"@type":"ListItem","position":2,"name":"News","item":"https:\/\/ib-polska.pl\/en\/k\/news\/"},{"@type":"ListItem","position":3,"name":"Invitation to the workshop &#8222;How to start, not from scratch, but from where we are?&#8221;"}]},{"@type":"WebSite","@id":"https:\/\/ib-polska.pl\/en\/#website","url":"https:\/\/ib-polska.pl\/en\/","name":"Internationaler Bund Polska","description":"Fundacja Internationaler Bund Polska zosta\u0142a za\u0142o\u017cona w 2004 roku. Jej Fundatorem jest organizacja Internationaler Bund Freier Tr\u00e4ger der Jugend-, Sozial- und Bildungsarbeit e.V. kt\u00f3ra swoj\u0105 tradycj\u0119 rozpocz\u0119\u0142a w 1949 roku na terenie zachodnich Niemiec.","publisher":{"@id":"https:\/\/ib-polska.pl\/en\/#organization"},"potentialAction":[{"@type":"SearchAction","target":{"@type":"EntryPoint","urlTemplate":"https:\/\/ib-polska.pl\/en\/?s={search_term_string}"},"query-input":{"@type":"PropertyValueSpecification","valueRequired":true,"valueName":"search_term_string"}}],"inLanguage":"en-US"},{"@type":"Organization","@id":"https:\/\/ib-polska.pl\/en\/#organization","name":"Internationaler Bund Polska","url":"https:\/\/ib-polska.pl\/en\/","logo":{"@type":"ImageObject","inLanguage":"en-US","@id":"https:\/\/ib-polska.pl\/en\/#\/schema\/logo\/image\/","url":"https:\/\/ib-polska.pl\/wp-content\/uploads\/2024\/06\/logo-2.png","contentUrl":"https:\/\/ib-polska.pl\/wp-content\/uploads\/2024\/06\/logo-2.png","width":193,"height":89,"caption":"Internationaler Bund Polska"},"image":{"@id":"https:\/\/ib-polska.pl\/en\/#\/schema\/logo\/image\/"}},{"@type":"Person","@id":"https:\/\/ib-polska.pl\/en\/#\/schema\/person\/0791d7bad89790aab0f59dc07fed6dba","name":"Bartek","image":{"@type":"ImageObject","inLanguage":"en-US","@id":"https:\/\/secure.gravatar.com\/avatar\/9984e044ec24505a34d47c7302c0ef523d2cbb46c9094fded3149e78927ae958?s=96&d=mm&r=g","url":"https:\/\/secure.gravatar.com\/avatar\/9984e044ec24505a34d47c7302c0ef523d2cbb46c9094fded3149e78927ae958?s=96&d=mm&r=g","contentUrl":"https:\/\/secure.gravatar.com\/avatar\/9984e044ec24505a34d47c7302c0ef523d2cbb46c9094fded3149e78927ae958?s=96&d=mm&r=g","caption":"Bartek"}}]}},"_links":{"self":[{"href":"https:\/\/ib-polska.pl\/en\/wp-json\/wp\/v2\/posts\/18173","targetHints":{"allow":["GET"]}}],"collection":[{"href":"https:\/\/ib-polska.pl\/en\/wp-json\/wp\/v2\/posts"}],"about":[{"href":"https:\/\/ib-polska.pl\/en\/wp-json\/wp\/v2\/types\/post"}],"author":[{"embeddable":true,"href":"https:\/\/ib-polska.pl\/en\/wp-json\/wp\/v2\/users\/8"}],"replies":[{"embeddable":true,"href":"https:\/\/ib-polska.pl\/en\/wp-json\/wp\/v2\/comments?post=18173"}],"version-history":[{"count":1,"href":"https:\/\/ib-polska.pl\/en\/wp-json\/wp\/v2\/posts\/18173\/revisions"}],"predecessor-version":[{"id":18225,"href":"https:\/\/ib-polska.pl\/en\/wp-json\/wp\/v2\/posts\/18173\/revisions\/18225"}],"wp:featuredmedia":[{"embeddable":true,"href":"https:\/\/ib-polska.pl\/en\/wp-json\/wp\/v2\/media\/18169"}],"wp:attachment":[{"href":"https:\/\/ib-polska.pl\/en\/wp-json\/wp\/v2\/media?parent=18173"}],"wp:term":[{"taxonomy":"category","embeddable":true,"href":"https:\/\/ib-polska.pl\/en\/wp-json\/wp\/v2\/categories?post=18173"},{"taxonomy":"post_tag","embeddable":true,"href":"https:\/\/ib-polska.pl\/en\/wp-json\/wp\/v2\/tags?post=18173"}],"curies":[{"name":"wp","href":"https:\/\/api.w.org\/{rel}","templated":true}]}}