{"id":17537,"date":"2025-07-01T13:48:12","date_gmt":"2025-07-01T11:48:12","guid":{"rendered":"https:\/\/ib-polska.pl\/?p=17537"},"modified":"2025-11-18T16:52:23","modified_gmt":"2025-11-18T15:52:23","slug":"language-courses-at-the-multicultural-centre-in-krakow-term-summary","status":"publish","type":"post","link":"https:\/\/ib-polska.pl\/en\/news\/language-courses-at-the-multicultural-centre-in-krakow-term-summary\/","title":{"rendered":"Language courses at the Multicultural Centre in Krakow: term summary"},"content":{"rendered":"<p>From January to June, at the Multicultural Centre in Krakow, we ran <strong>Polish and English language courses<\/strong> attended by people from <strong>all over the world<\/strong>. In total, there were <strong>13 course groups<\/strong>, and as many as <strong>141 participants from 50 different countries<\/strong> completed the courses, including China, the Dominican Republic, Sri Lanka, Uzbekistan, Venezuela, Germany, Japan, Zimbabwe, the United States, Belgium, Angola, and many others! We\u2019re happy to have created such an international and diverse learning environment together.<\/p>\n<p>At the end of the semester, we came together for a short diploma ceremony! It was a nice moment to see each other, congratulate one another, and celebrate the completion of our shared effort.<\/p>\n<p>On this occasion, <strong>we asked our students which Polish word was the biggest challenge for them.<\/strong> We compiled their answers into a short video available below and using this link <a href=\"https:\/\/www.facebook.com\/CentrumWielokulturoweKrk\/videos\/705346769073376\/\">here<\/a>.<\/p>\n<p><iframe loading=\"lazy\" style=\"border: none; overflow: hidden;\" src=\"https:\/\/www.facebook.com\/plugins\/video.php?height=476&#038;href=https%3A%2F%2Fwww.facebook.com%2FCentrumWielokulturoweKrk%2Fvideos%2F705346769073376%2F&#038;show_text=false&#038;width=267&#038;t=0\" width=\"267\" height=\"476\" frameborder=\"0\" scrolling=\"no\" allowfullscreen=\"allowfullscreen\"><\/iframe><img loading=\"lazy\" decoding=\"async\" class=\"wp-image-17530 alignleft\" src=\"https:\/\/ib-polska.pl\/wp-content\/uploads\/2025\/07\/2025-07-01-cw-zajecia-polski-angielski-podsumowanie-semestru-2.png\" alt=\"\" width=\"613\" height=\"469\" \/><\/p>\n","protected":false},"excerpt":{"rendered":"<p>From January to June, at the Multicultural Centre in Krakow, [&hellip;]<\/p>\n","protected":false},"author":8,"featured_media":17531,"comment_status":"open","ping_status":"open","sticky":false,"template":"","format":"standard","meta":{"_acf_changed":false,"footnotes":""},"categories":[434,392,433,1],"tags":[],"class_list":["post-17537","post","type-post","status-publish","format-standard","has-post-thumbnail","hentry","category-multicultural-centre-in-krakow-events","category-multicultural","category-multicultural-centre-in-krakow","category-news"],"acf":[],"yoast_head":"<!-- This site is optimized with the Yoast SEO plugin v27.4 - https:\/\/yoast.com\/product\/yoast-seo-wordpress\/ -->\n<title>Language courses at the Multicultural Centre in Krakow: term summary - Internationaler Bund Polska<\/title>\n<meta name=\"robots\" content=\"index, follow, max-snippet:-1, max-image-preview:large, max-video-preview:-1\" \/>\n<link rel=\"canonical\" href=\"https:\/\/ib-polska.pl\/en\/news\/language-courses-at-the-multicultural-centre-in-krakow-term-summary\/\" \/>\n<meta property=\"og:locale\" content=\"en_US\" \/>\n<meta property=\"og:type\" content=\"article\" \/>\n<meta property=\"og:title\" content=\"Language courses at the Multicultural Centre in Krakow: term summary - Internationaler Bund Polska\" \/>\n<meta property=\"og:description\" content=\"From January to June, at the Multicultural Centre in Krakow, [&hellip;]\" \/>\n<meta property=\"og:url\" content=\"https:\/\/ib-polska.pl\/en\/news\/language-courses-at-the-multicultural-centre-in-krakow-term-summary\/\" \/>\n<meta property=\"og:site_name\" content=\"Internationaler Bund Polska\" \/>\n<meta property=\"article:published_time\" content=\"2025-07-01T11:48:12+00:00\" \/>\n<meta property=\"article:modified_time\" content=\"2025-11-18T15:52:23+00:00\" \/>\n<meta property=\"og:image\" content=\"https:\/\/ib-polska.pl\/wp-content\/uploads\/2025\/07\/2025-07-01-cw-zajecia-polski-angielski-podsumowanie-semestru-2.png\" \/>\n\t<meta property=\"og:image:width\" content=\"586\" \/>\n\t<meta property=\"og:image:height\" content=\"448\" \/>\n\t<meta property=\"og:image:type\" content=\"image\/png\" \/>\n<meta name=\"author\" content=\"Bartek\" \/>\n<meta name=\"twitter:card\" content=\"summary_large_image\" \/>\n<meta name=\"twitter:label1\" content=\"Written by\" \/>\n\t<meta name=\"twitter:data1\" content=\"Bartek\" \/>\n\t<meta name=\"twitter:label2\" content=\"Est. reading time\" \/>\n\t<meta name=\"twitter:data2\" content=\"1 minute\" \/>\n<script type=\"application\/ld+json\" class=\"yoast-schema-graph\">{\"@context\":\"https:\\\/\\\/schema.org\",\"@graph\":[{\"@type\":\"Article\",\"@id\":\"https:\\\/\\\/ib-polska.pl\\\/en\\\/news\\\/language-courses-at-the-multicultural-centre-in-krakow-term-summary\\\/#article\",\"isPartOf\":{\"@id\":\"https:\\\/\\\/ib-polska.pl\\\/en\\\/news\\\/language-courses-at-the-multicultural-centre-in-krakow-term-summary\\\/\"},\"author\":{\"name\":\"Bartek\",\"@id\":\"https:\\\/\\\/ib-polska.pl\\\/en\\\/#\\\/schema\\\/person\\\/0791d7bad89790aab0f59dc07fed6dba\"},\"headline\":\"Language courses at the Multicultural Centre in Krakow: term summary\",\"datePublished\":\"2025-07-01T11:48:12+00:00\",\"dateModified\":\"2025-11-18T15:52:23+00:00\",\"mainEntityOfPage\":{\"@id\":\"https:\\\/\\\/ib-polska.pl\\\/en\\\/news\\\/language-courses-at-the-multicultural-centre-in-krakow-term-summary\\\/\"},\"wordCount\":151,\"commentCount\":0,\"publisher\":{\"@id\":\"https:\\\/\\\/ib-polska.pl\\\/en\\\/#organization\"},\"image\":{\"@id\":\"https:\\\/\\\/ib-polska.pl\\\/en\\\/news\\\/language-courses-at-the-multicultural-centre-in-krakow-term-summary\\\/#primaryimage\"},\"thumbnailUrl\":\"https:\\\/\\\/ib-polska.pl\\\/wp-content\\\/uploads\\\/2025\\\/07\\\/2025-07-01-cw-zajecia-polski-angielski-podsumowanie-semestru-2.png\",\"articleSection\":[\"Events of the Multicultural Centre in Krakow\",\"Multicultural\",\"Multicultural Centre in Krakow\",\"News\"],\"inLanguage\":\"en-US\",\"potentialAction\":[{\"@type\":\"CommentAction\",\"name\":\"Comment\",\"target\":[\"https:\\\/\\\/ib-polska.pl\\\/en\\\/news\\\/language-courses-at-the-multicultural-centre-in-krakow-term-summary\\\/#respond\"]}]},{\"@type\":\"WebPage\",\"@id\":\"https:\\\/\\\/ib-polska.pl\\\/en\\\/news\\\/language-courses-at-the-multicultural-centre-in-krakow-term-summary\\\/\",\"url\":\"https:\\\/\\\/ib-polska.pl\\\/en\\\/news\\\/language-courses-at-the-multicultural-centre-in-krakow-term-summary\\\/\",\"name\":\"Language courses at the Multicultural Centre in Krakow: term summary - Internationaler Bund Polska\",\"isPartOf\":{\"@id\":\"https:\\\/\\\/ib-polska.pl\\\/en\\\/#website\"},\"primaryImageOfPage\":{\"@id\":\"https:\\\/\\\/ib-polska.pl\\\/en\\\/news\\\/language-courses-at-the-multicultural-centre-in-krakow-term-summary\\\/#primaryimage\"},\"image\":{\"@id\":\"https:\\\/\\\/ib-polska.pl\\\/en\\\/news\\\/language-courses-at-the-multicultural-centre-in-krakow-term-summary\\\/#primaryimage\"},\"thumbnailUrl\":\"https:\\\/\\\/ib-polska.pl\\\/wp-content\\\/uploads\\\/2025\\\/07\\\/2025-07-01-cw-zajecia-polski-angielski-podsumowanie-semestru-2.png\",\"datePublished\":\"2025-07-01T11:48:12+00:00\",\"dateModified\":\"2025-11-18T15:52:23+00:00\",\"breadcrumb\":{\"@id\":\"https:\\\/\\\/ib-polska.pl\\\/en\\\/news\\\/language-courses-at-the-multicultural-centre-in-krakow-term-summary\\\/#breadcrumb\"},\"inLanguage\":\"en-US\",\"potentialAction\":[{\"@type\":\"ReadAction\",\"target\":[\"https:\\\/\\\/ib-polska.pl\\\/en\\\/news\\\/language-courses-at-the-multicultural-centre-in-krakow-term-summary\\\/\"]}]},{\"@type\":\"ImageObject\",\"inLanguage\":\"en-US\",\"@id\":\"https:\\\/\\\/ib-polska.pl\\\/en\\\/news\\\/language-courses-at-the-multicultural-centre-in-krakow-term-summary\\\/#primaryimage\",\"url\":\"https:\\\/\\\/ib-polska.pl\\\/wp-content\\\/uploads\\\/2025\\\/07\\\/2025-07-01-cw-zajecia-polski-angielski-podsumowanie-semestru-2.png\",\"contentUrl\":\"https:\\\/\\\/ib-polska.pl\\\/wp-content\\\/uploads\\\/2025\\\/07\\\/2025-07-01-cw-zajecia-polski-angielski-podsumowanie-semestru-2.png\",\"width\":586,\"height\":448},{\"@type\":\"BreadcrumbList\",\"@id\":\"https:\\\/\\\/ib-polska.pl\\\/en\\\/news\\\/language-courses-at-the-multicultural-centre-in-krakow-term-summary\\\/#breadcrumb\",\"itemListElement\":[{\"@type\":\"ListItem\",\"position\":1,\"name\":\"Home\",\"item\":\"https:\\\/\\\/ib-polska.pl\\\/en\\\/home\\\/\"},{\"@type\":\"ListItem\",\"position\":2,\"name\":\"News\",\"item\":\"https:\\\/\\\/ib-polska.pl\\\/en\\\/k\\\/news\\\/\"},{\"@type\":\"ListItem\",\"position\":3,\"name\":\"Language courses at the Multicultural Centre in Krakow: term summary\"}]},{\"@type\":\"WebSite\",\"@id\":\"https:\\\/\\\/ib-polska.pl\\\/en\\\/#website\",\"url\":\"https:\\\/\\\/ib-polska.pl\\\/en\\\/\",\"name\":\"Internationaler Bund Polska\",\"description\":\"Fundacja Internationaler Bund Polska zosta\u0142a za\u0142o\u017cona w 2004 roku. Jej Fundatorem jest organizacja Internationaler Bund Freier Tr\u00e4ger der Jugend-, Sozial- und Bildungsarbeit e.V. kt\u00f3ra swoj\u0105 tradycj\u0119 rozpocz\u0119\u0142a w 1949 roku na terenie zachodnich Niemiec.\",\"publisher\":{\"@id\":\"https:\\\/\\\/ib-polska.pl\\\/en\\\/#organization\"},\"potentialAction\":[{\"@type\":\"SearchAction\",\"target\":{\"@type\":\"EntryPoint\",\"urlTemplate\":\"https:\\\/\\\/ib-polska.pl\\\/en\\\/?s={search_term_string}\"},\"query-input\":{\"@type\":\"PropertyValueSpecification\",\"valueRequired\":true,\"valueName\":\"search_term_string\"}}],\"inLanguage\":\"en-US\"},{\"@type\":\"Organization\",\"@id\":\"https:\\\/\\\/ib-polska.pl\\\/en\\\/#organization\",\"name\":\"Internationaler Bund Polska\",\"url\":\"https:\\\/\\\/ib-polska.pl\\\/en\\\/\",\"logo\":{\"@type\":\"ImageObject\",\"inLanguage\":\"en-US\",\"@id\":\"https:\\\/\\\/ib-polska.pl\\\/en\\\/#\\\/schema\\\/logo\\\/image\\\/\",\"url\":\"https:\\\/\\\/ib-polska.pl\\\/wp-content\\\/uploads\\\/2024\\\/06\\\/logo-2.png\",\"contentUrl\":\"https:\\\/\\\/ib-polska.pl\\\/wp-content\\\/uploads\\\/2024\\\/06\\\/logo-2.png\",\"width\":193,\"height\":89,\"caption\":\"Internationaler Bund Polska\"},\"image\":{\"@id\":\"https:\\\/\\\/ib-polska.pl\\\/en\\\/#\\\/schema\\\/logo\\\/image\\\/\"}},{\"@type\":\"Person\",\"@id\":\"https:\\\/\\\/ib-polska.pl\\\/en\\\/#\\\/schema\\\/person\\\/0791d7bad89790aab0f59dc07fed6dba\",\"name\":\"Bartek\",\"image\":{\"@type\":\"ImageObject\",\"inLanguage\":\"en-US\",\"@id\":\"https:\\\/\\\/secure.gravatar.com\\\/avatar\\\/9984e044ec24505a34d47c7302c0ef523d2cbb46c9094fded3149e78927ae958?s=96&d=mm&r=g\",\"url\":\"https:\\\/\\\/secure.gravatar.com\\\/avatar\\\/9984e044ec24505a34d47c7302c0ef523d2cbb46c9094fded3149e78927ae958?s=96&d=mm&r=g\",\"contentUrl\":\"https:\\\/\\\/secure.gravatar.com\\\/avatar\\\/9984e044ec24505a34d47c7302c0ef523d2cbb46c9094fded3149e78927ae958?s=96&d=mm&r=g\",\"caption\":\"Bartek\"}}]}<\/script>\n<!-- \/ Yoast SEO plugin. -->","yoast_head_json":{"title":"Language courses at the Multicultural Centre in Krakow: term summary - Internationaler Bund Polska","robots":{"index":"index","follow":"follow","max-snippet":"max-snippet:-1","max-image-preview":"max-image-preview:large","max-video-preview":"max-video-preview:-1"},"canonical":"https:\/\/ib-polska.pl\/en\/news\/language-courses-at-the-multicultural-centre-in-krakow-term-summary\/","og_locale":"en_US","og_type":"article","og_title":"Language courses at the Multicultural Centre in Krakow: term summary - Internationaler Bund Polska","og_description":"From January to June, at the Multicultural Centre in Krakow, [&hellip;]","og_url":"https:\/\/ib-polska.pl\/en\/news\/language-courses-at-the-multicultural-centre-in-krakow-term-summary\/","og_site_name":"Internationaler Bund Polska","article_published_time":"2025-07-01T11:48:12+00:00","article_modified_time":"2025-11-18T15:52:23+00:00","og_image":[{"width":586,"height":448,"url":"https:\/\/ib-polska.pl\/wp-content\/uploads\/2025\/07\/2025-07-01-cw-zajecia-polski-angielski-podsumowanie-semestru-2.png","type":"image\/png"}],"author":"Bartek","twitter_card":"summary_large_image","twitter_misc":{"Written by":"Bartek","Est. reading time":"1 minute"},"schema":{"@context":"https:\/\/schema.org","@graph":[{"@type":"Article","@id":"https:\/\/ib-polska.pl\/en\/news\/language-courses-at-the-multicultural-centre-in-krakow-term-summary\/#article","isPartOf":{"@id":"https:\/\/ib-polska.pl\/en\/news\/language-courses-at-the-multicultural-centre-in-krakow-term-summary\/"},"author":{"name":"Bartek","@id":"https:\/\/ib-polska.pl\/en\/#\/schema\/person\/0791d7bad89790aab0f59dc07fed6dba"},"headline":"Language courses at the Multicultural Centre in Krakow: term summary","datePublished":"2025-07-01T11:48:12+00:00","dateModified":"2025-11-18T15:52:23+00:00","mainEntityOfPage":{"@id":"https:\/\/ib-polska.pl\/en\/news\/language-courses-at-the-multicultural-centre-in-krakow-term-summary\/"},"wordCount":151,"commentCount":0,"publisher":{"@id":"https:\/\/ib-polska.pl\/en\/#organization"},"image":{"@id":"https:\/\/ib-polska.pl\/en\/news\/language-courses-at-the-multicultural-centre-in-krakow-term-summary\/#primaryimage"},"thumbnailUrl":"https:\/\/ib-polska.pl\/wp-content\/uploads\/2025\/07\/2025-07-01-cw-zajecia-polski-angielski-podsumowanie-semestru-2.png","articleSection":["Events of the Multicultural Centre in Krakow","Multicultural","Multicultural Centre in Krakow","News"],"inLanguage":"en-US","potentialAction":[{"@type":"CommentAction","name":"Comment","target":["https:\/\/ib-polska.pl\/en\/news\/language-courses-at-the-multicultural-centre-in-krakow-term-summary\/#respond"]}]},{"@type":"WebPage","@id":"https:\/\/ib-polska.pl\/en\/news\/language-courses-at-the-multicultural-centre-in-krakow-term-summary\/","url":"https:\/\/ib-polska.pl\/en\/news\/language-courses-at-the-multicultural-centre-in-krakow-term-summary\/","name":"Language courses at the Multicultural Centre in Krakow: term summary - Internationaler Bund Polska","isPartOf":{"@id":"https:\/\/ib-polska.pl\/en\/#website"},"primaryImageOfPage":{"@id":"https:\/\/ib-polska.pl\/en\/news\/language-courses-at-the-multicultural-centre-in-krakow-term-summary\/#primaryimage"},"image":{"@id":"https:\/\/ib-polska.pl\/en\/news\/language-courses-at-the-multicultural-centre-in-krakow-term-summary\/#primaryimage"},"thumbnailUrl":"https:\/\/ib-polska.pl\/wp-content\/uploads\/2025\/07\/2025-07-01-cw-zajecia-polski-angielski-podsumowanie-semestru-2.png","datePublished":"2025-07-01T11:48:12+00:00","dateModified":"2025-11-18T15:52:23+00:00","breadcrumb":{"@id":"https:\/\/ib-polska.pl\/en\/news\/language-courses-at-the-multicultural-centre-in-krakow-term-summary\/#breadcrumb"},"inLanguage":"en-US","potentialAction":[{"@type":"ReadAction","target":["https:\/\/ib-polska.pl\/en\/news\/language-courses-at-the-multicultural-centre-in-krakow-term-summary\/"]}]},{"@type":"ImageObject","inLanguage":"en-US","@id":"https:\/\/ib-polska.pl\/en\/news\/language-courses-at-the-multicultural-centre-in-krakow-term-summary\/#primaryimage","url":"https:\/\/ib-polska.pl\/wp-content\/uploads\/2025\/07\/2025-07-01-cw-zajecia-polski-angielski-podsumowanie-semestru-2.png","contentUrl":"https:\/\/ib-polska.pl\/wp-content\/uploads\/2025\/07\/2025-07-01-cw-zajecia-polski-angielski-podsumowanie-semestru-2.png","width":586,"height":448},{"@type":"BreadcrumbList","@id":"https:\/\/ib-polska.pl\/en\/news\/language-courses-at-the-multicultural-centre-in-krakow-term-summary\/#breadcrumb","itemListElement":[{"@type":"ListItem","position":1,"name":"Home","item":"https:\/\/ib-polska.pl\/en\/home\/"},{"@type":"ListItem","position":2,"name":"News","item":"https:\/\/ib-polska.pl\/en\/k\/news\/"},{"@type":"ListItem","position":3,"name":"Language courses at the Multicultural Centre in Krakow: term summary"}]},{"@type":"WebSite","@id":"https:\/\/ib-polska.pl\/en\/#website","url":"https:\/\/ib-polska.pl\/en\/","name":"Internationaler Bund Polska","description":"Fundacja Internationaler Bund Polska zosta\u0142a za\u0142o\u017cona w 2004 roku. Jej Fundatorem jest organizacja Internationaler Bund Freier Tr\u00e4ger der Jugend-, Sozial- und Bildungsarbeit e.V. kt\u00f3ra swoj\u0105 tradycj\u0119 rozpocz\u0119\u0142a w 1949 roku na terenie zachodnich Niemiec.","publisher":{"@id":"https:\/\/ib-polska.pl\/en\/#organization"},"potentialAction":[{"@type":"SearchAction","target":{"@type":"EntryPoint","urlTemplate":"https:\/\/ib-polska.pl\/en\/?s={search_term_string}"},"query-input":{"@type":"PropertyValueSpecification","valueRequired":true,"valueName":"search_term_string"}}],"inLanguage":"en-US"},{"@type":"Organization","@id":"https:\/\/ib-polska.pl\/en\/#organization","name":"Internationaler Bund Polska","url":"https:\/\/ib-polska.pl\/en\/","logo":{"@type":"ImageObject","inLanguage":"en-US","@id":"https:\/\/ib-polska.pl\/en\/#\/schema\/logo\/image\/","url":"https:\/\/ib-polska.pl\/wp-content\/uploads\/2024\/06\/logo-2.png","contentUrl":"https:\/\/ib-polska.pl\/wp-content\/uploads\/2024\/06\/logo-2.png","width":193,"height":89,"caption":"Internationaler Bund Polska"},"image":{"@id":"https:\/\/ib-polska.pl\/en\/#\/schema\/logo\/image\/"}},{"@type":"Person","@id":"https:\/\/ib-polska.pl\/en\/#\/schema\/person\/0791d7bad89790aab0f59dc07fed6dba","name":"Bartek","image":{"@type":"ImageObject","inLanguage":"en-US","@id":"https:\/\/secure.gravatar.com\/avatar\/9984e044ec24505a34d47c7302c0ef523d2cbb46c9094fded3149e78927ae958?s=96&d=mm&r=g","url":"https:\/\/secure.gravatar.com\/avatar\/9984e044ec24505a34d47c7302c0ef523d2cbb46c9094fded3149e78927ae958?s=96&d=mm&r=g","contentUrl":"https:\/\/secure.gravatar.com\/avatar\/9984e044ec24505a34d47c7302c0ef523d2cbb46c9094fded3149e78927ae958?s=96&d=mm&r=g","caption":"Bartek"}}]}},"_links":{"self":[{"href":"https:\/\/ib-polska.pl\/en\/wp-json\/wp\/v2\/posts\/17537","targetHints":{"allow":["GET"]}}],"collection":[{"href":"https:\/\/ib-polska.pl\/en\/wp-json\/wp\/v2\/posts"}],"about":[{"href":"https:\/\/ib-polska.pl\/en\/wp-json\/wp\/v2\/types\/post"}],"author":[{"embeddable":true,"href":"https:\/\/ib-polska.pl\/en\/wp-json\/wp\/v2\/users\/8"}],"replies":[{"embeddable":true,"href":"https:\/\/ib-polska.pl\/en\/wp-json\/wp\/v2\/comments?post=17537"}],"version-history":[{"count":3,"href":"https:\/\/ib-polska.pl\/en\/wp-json\/wp\/v2\/posts\/17537\/revisions"}],"predecessor-version":[{"id":17708,"href":"https:\/\/ib-polska.pl\/en\/wp-json\/wp\/v2\/posts\/17537\/revisions\/17708"}],"wp:featuredmedia":[{"embeddable":true,"href":"https:\/\/ib-polska.pl\/en\/wp-json\/wp\/v2\/media\/17531"}],"wp:attachment":[{"href":"https:\/\/ib-polska.pl\/en\/wp-json\/wp\/v2\/media?parent=17537"}],"wp:term":[{"taxonomy":"category","embeddable":true,"href":"https:\/\/ib-polska.pl\/en\/wp-json\/wp\/v2\/categories?post=17537"},{"taxonomy":"post_tag","embeddable":true,"href":"https:\/\/ib-polska.pl\/en\/wp-json\/wp\/v2\/tags?post=17537"}],"curies":[{"name":"wp","href":"https:\/\/api.w.org\/{rel}","templated":true}]}}