{"id":17282,"date":"2025-06-30T16:11:28","date_gmt":"2025-06-30T14:11:28","guid":{"rendered":"https:\/\/ib-polska.pl\/?p=17282"},"modified":"2025-10-28T17:20:19","modified_gmt":"2025-10-28T16:20:19","slug":"multicultural-centre-registration-for-summer-language-courses-has-started","status":"publish","type":"post","link":"https:\/\/ib-polska.pl\/en\/news\/multicultural-centre-registration-for-summer-language-courses-has-started\/","title":{"rendered":"Multicultural Centre: registration for summer language courses has started"},"content":{"rendered":"<p>Our <strong>summer language courses<\/strong> have officially started today at the Multicultural Centre in Krakow! The first class of the A1 Polish group is already behind us.<\/p>\n<p>The interest in these courses has exceeded our wildest expectations! <strong>Nearly 300 people signed up!<\/strong> Unfortunately, due to limited spots, we could only accept <strong>100<\/strong> participants. We truly appreciate everyone who applied, and thank you for your trust.<\/p>\n<p>At the moment, we are no longer accepting applications for Polish language courses, but we have good news: <strong>we\u2019re planning another edition in September!<\/strong> If you didn\u2019t make it this time, be sure to follow us on social media. We\u2019ll let you know when registration opens!<\/p>\n<p>And if you&#8217;re thinking about brushing up on your English, there&#8217;s still a chance! Registration for the <strong>summer English courses is open until July 2<\/strong>, so only a few days left. Don\u2019t miss out!<br \/>\n\u2800<br \/>\nSee you in class!<\/p>\n<p><img loading=\"lazy\" decoding=\"async\" class=\"wp-image-17275 alignleft\" src=\"https:\/\/ib-polska.pl\/wp-content\/uploads\/2025\/06\/2025-06-30-cw-zapisy-wakacyjne-kursy-jezykowe-1.jpg\" alt=\"\" width=\"593\" height=\"497\" \/><\/p>\n<p>&nbsp;<\/p>\n","protected":false},"excerpt":{"rendered":"<p>Our summer language courses have officially started today at the [&hellip;]<\/p>\n","protected":false},"author":8,"featured_media":17273,"comment_status":"closed","ping_status":"closed","sticky":false,"template":"","format":"standard","meta":{"_acf_changed":false,"footnotes":""},"categories":[434,436,392,433,1],"tags":[],"class_list":["post-17282","post","type-post","status-publish","format-standard","has-post-thumbnail","hentry","category-multicultural-centre-in-krakow-events","category-language-courses","category-multicultural","category-multicultural-centre-in-krakow","category-news"],"acf":[],"yoast_head":"<!-- This site is optimized with the Yoast SEO plugin v27.4 - https:\/\/yoast.com\/product\/yoast-seo-wordpress\/ -->\n<title>Multicultural Centre: registration for summer language courses has started - Internationaler Bund Polska<\/title>\n<meta name=\"robots\" content=\"index, follow, max-snippet:-1, max-image-preview:large, max-video-preview:-1\" \/>\n<link rel=\"canonical\" href=\"https:\/\/ib-polska.pl\/en\/news\/multicultural-centre-registration-for-summer-language-courses-has-started\/\" \/>\n<meta property=\"og:locale\" content=\"en_US\" \/>\n<meta property=\"og:type\" content=\"article\" \/>\n<meta property=\"og:title\" content=\"Multicultural Centre: registration for summer language courses has started - Internationaler Bund Polska\" \/>\n<meta property=\"og:description\" content=\"Our summer language courses have officially started today at the [&hellip;]\" \/>\n<meta property=\"og:url\" content=\"https:\/\/ib-polska.pl\/en\/news\/multicultural-centre-registration-for-summer-language-courses-has-started\/\" \/>\n<meta property=\"og:site_name\" content=\"Internationaler Bund Polska\" \/>\n<meta property=\"article:published_time\" content=\"2025-06-30T14:11:28+00:00\" \/>\n<meta property=\"article:modified_time\" content=\"2025-10-28T16:20:19+00:00\" \/>\n<meta property=\"og:image\" content=\"https:\/\/ib-polska.pl\/wp-content\/uploads\/2025\/06\/2025-06-30-cw-zapisy-wakacyjne-kursy-jezykowe-2.jpg\" \/>\n\t<meta property=\"og:image:width\" content=\"2048\" \/>\n\t<meta property=\"og:image:height\" content=\"1077\" \/>\n\t<meta property=\"og:image:type\" content=\"image\/jpeg\" \/>\n<meta name=\"author\" content=\"Bartek\" \/>\n<meta name=\"twitter:card\" content=\"summary_large_image\" \/>\n<meta name=\"twitter:label1\" content=\"Written by\" \/>\n\t<meta name=\"twitter:data1\" content=\"Bartek\" \/>\n\t<meta name=\"twitter:label2\" content=\"Est. reading time\" \/>\n\t<meta name=\"twitter:data2\" content=\"1 minute\" \/>\n<script type=\"application\/ld+json\" class=\"yoast-schema-graph\">{\"@context\":\"https:\\\/\\\/schema.org\",\"@graph\":[{\"@type\":\"Article\",\"@id\":\"https:\\\/\\\/ib-polska.pl\\\/en\\\/news\\\/multicultural-centre-registration-for-summer-language-courses-has-started\\\/#article\",\"isPartOf\":{\"@id\":\"https:\\\/\\\/ib-polska.pl\\\/en\\\/news\\\/multicultural-centre-registration-for-summer-language-courses-has-started\\\/\"},\"author\":{\"name\":\"Bartek\",\"@id\":\"https:\\\/\\\/ib-polska.pl\\\/en\\\/#\\\/schema\\\/person\\\/0791d7bad89790aab0f59dc07fed6dba\"},\"headline\":\"Multicultural Centre: registration for summer language courses has started\",\"datePublished\":\"2025-06-30T14:11:28+00:00\",\"dateModified\":\"2025-10-28T16:20:19+00:00\",\"mainEntityOfPage\":{\"@id\":\"https:\\\/\\\/ib-polska.pl\\\/en\\\/news\\\/multicultural-centre-registration-for-summer-language-courses-has-started\\\/\"},\"wordCount\":161,\"publisher\":{\"@id\":\"https:\\\/\\\/ib-polska.pl\\\/en\\\/#organization\"},\"image\":{\"@id\":\"https:\\\/\\\/ib-polska.pl\\\/en\\\/news\\\/multicultural-centre-registration-for-summer-language-courses-has-started\\\/#primaryimage\"},\"thumbnailUrl\":\"https:\\\/\\\/ib-polska.pl\\\/wp-content\\\/uploads\\\/2025\\\/06\\\/2025-06-30-cw-zapisy-wakacyjne-kursy-jezykowe-2.jpg\",\"articleSection\":[\"Events of the Multicultural Centre in Krakow\",\"Language courses\",\"Multicultural\",\"Multicultural Centre in Krakow\",\"News\"],\"inLanguage\":\"en-US\"},{\"@type\":\"WebPage\",\"@id\":\"https:\\\/\\\/ib-polska.pl\\\/en\\\/news\\\/multicultural-centre-registration-for-summer-language-courses-has-started\\\/\",\"url\":\"https:\\\/\\\/ib-polska.pl\\\/en\\\/news\\\/multicultural-centre-registration-for-summer-language-courses-has-started\\\/\",\"name\":\"Multicultural Centre: registration for summer language courses has started - Internationaler Bund Polska\",\"isPartOf\":{\"@id\":\"https:\\\/\\\/ib-polska.pl\\\/en\\\/#website\"},\"primaryImageOfPage\":{\"@id\":\"https:\\\/\\\/ib-polska.pl\\\/en\\\/news\\\/multicultural-centre-registration-for-summer-language-courses-has-started\\\/#primaryimage\"},\"image\":{\"@id\":\"https:\\\/\\\/ib-polska.pl\\\/en\\\/news\\\/multicultural-centre-registration-for-summer-language-courses-has-started\\\/#primaryimage\"},\"thumbnailUrl\":\"https:\\\/\\\/ib-polska.pl\\\/wp-content\\\/uploads\\\/2025\\\/06\\\/2025-06-30-cw-zapisy-wakacyjne-kursy-jezykowe-2.jpg\",\"datePublished\":\"2025-06-30T14:11:28+00:00\",\"dateModified\":\"2025-10-28T16:20:19+00:00\",\"breadcrumb\":{\"@id\":\"https:\\\/\\\/ib-polska.pl\\\/en\\\/news\\\/multicultural-centre-registration-for-summer-language-courses-has-started\\\/#breadcrumb\"},\"inLanguage\":\"en-US\",\"potentialAction\":[{\"@type\":\"ReadAction\",\"target\":[\"https:\\\/\\\/ib-polska.pl\\\/en\\\/news\\\/multicultural-centre-registration-for-summer-language-courses-has-started\\\/\"]}]},{\"@type\":\"ImageObject\",\"inLanguage\":\"en-US\",\"@id\":\"https:\\\/\\\/ib-polska.pl\\\/en\\\/news\\\/multicultural-centre-registration-for-summer-language-courses-has-started\\\/#primaryimage\",\"url\":\"https:\\\/\\\/ib-polska.pl\\\/wp-content\\\/uploads\\\/2025\\\/06\\\/2025-06-30-cw-zapisy-wakacyjne-kursy-jezykowe-2.jpg\",\"contentUrl\":\"https:\\\/\\\/ib-polska.pl\\\/wp-content\\\/uploads\\\/2025\\\/06\\\/2025-06-30-cw-zapisy-wakacyjne-kursy-jezykowe-2.jpg\",\"width\":2048,\"height\":1077},{\"@type\":\"BreadcrumbList\",\"@id\":\"https:\\\/\\\/ib-polska.pl\\\/en\\\/news\\\/multicultural-centre-registration-for-summer-language-courses-has-started\\\/#breadcrumb\",\"itemListElement\":[{\"@type\":\"ListItem\",\"position\":1,\"name\":\"Home\",\"item\":\"https:\\\/\\\/ib-polska.pl\\\/en\\\/home\\\/\"},{\"@type\":\"ListItem\",\"position\":2,\"name\":\"News\",\"item\":\"https:\\\/\\\/ib-polska.pl\\\/en\\\/k\\\/news\\\/\"},{\"@type\":\"ListItem\",\"position\":3,\"name\":\"Multicultural Centre: registration for summer language courses has started\"}]},{\"@type\":\"WebSite\",\"@id\":\"https:\\\/\\\/ib-polska.pl\\\/en\\\/#website\",\"url\":\"https:\\\/\\\/ib-polska.pl\\\/en\\\/\",\"name\":\"Internationaler Bund Polska\",\"description\":\"Fundacja Internationaler Bund Polska zosta\u0142a za\u0142o\u017cona w 2004 roku. Jej Fundatorem jest organizacja Internationaler Bund Freier Tr\u00e4ger der Jugend-, Sozial- und Bildungsarbeit e.V. kt\u00f3ra swoj\u0105 tradycj\u0119 rozpocz\u0119\u0142a w 1949 roku na terenie zachodnich Niemiec.\",\"publisher\":{\"@id\":\"https:\\\/\\\/ib-polska.pl\\\/en\\\/#organization\"},\"potentialAction\":[{\"@type\":\"SearchAction\",\"target\":{\"@type\":\"EntryPoint\",\"urlTemplate\":\"https:\\\/\\\/ib-polska.pl\\\/en\\\/?s={search_term_string}\"},\"query-input\":{\"@type\":\"PropertyValueSpecification\",\"valueRequired\":true,\"valueName\":\"search_term_string\"}}],\"inLanguage\":\"en-US\"},{\"@type\":\"Organization\",\"@id\":\"https:\\\/\\\/ib-polska.pl\\\/en\\\/#organization\",\"name\":\"Internationaler Bund Polska\",\"url\":\"https:\\\/\\\/ib-polska.pl\\\/en\\\/\",\"logo\":{\"@type\":\"ImageObject\",\"inLanguage\":\"en-US\",\"@id\":\"https:\\\/\\\/ib-polska.pl\\\/en\\\/#\\\/schema\\\/logo\\\/image\\\/\",\"url\":\"https:\\\/\\\/ib-polska.pl\\\/wp-content\\\/uploads\\\/2024\\\/06\\\/logo-2.png\",\"contentUrl\":\"https:\\\/\\\/ib-polska.pl\\\/wp-content\\\/uploads\\\/2024\\\/06\\\/logo-2.png\",\"width\":193,\"height\":89,\"caption\":\"Internationaler Bund Polska\"},\"image\":{\"@id\":\"https:\\\/\\\/ib-polska.pl\\\/en\\\/#\\\/schema\\\/logo\\\/image\\\/\"}},{\"@type\":\"Person\",\"@id\":\"https:\\\/\\\/ib-polska.pl\\\/en\\\/#\\\/schema\\\/person\\\/0791d7bad89790aab0f59dc07fed6dba\",\"name\":\"Bartek\",\"image\":{\"@type\":\"ImageObject\",\"inLanguage\":\"en-US\",\"@id\":\"https:\\\/\\\/secure.gravatar.com\\\/avatar\\\/9984e044ec24505a34d47c7302c0ef523d2cbb46c9094fded3149e78927ae958?s=96&d=mm&r=g\",\"url\":\"https:\\\/\\\/secure.gravatar.com\\\/avatar\\\/9984e044ec24505a34d47c7302c0ef523d2cbb46c9094fded3149e78927ae958?s=96&d=mm&r=g\",\"contentUrl\":\"https:\\\/\\\/secure.gravatar.com\\\/avatar\\\/9984e044ec24505a34d47c7302c0ef523d2cbb46c9094fded3149e78927ae958?s=96&d=mm&r=g\",\"caption\":\"Bartek\"}}]}<\/script>\n<!-- \/ Yoast SEO plugin. -->","yoast_head_json":{"title":"Multicultural Centre: registration for summer language courses has started - Internationaler Bund Polska","robots":{"index":"index","follow":"follow","max-snippet":"max-snippet:-1","max-image-preview":"max-image-preview:large","max-video-preview":"max-video-preview:-1"},"canonical":"https:\/\/ib-polska.pl\/en\/news\/multicultural-centre-registration-for-summer-language-courses-has-started\/","og_locale":"en_US","og_type":"article","og_title":"Multicultural Centre: registration for summer language courses has started - Internationaler Bund Polska","og_description":"Our summer language courses have officially started today at the [&hellip;]","og_url":"https:\/\/ib-polska.pl\/en\/news\/multicultural-centre-registration-for-summer-language-courses-has-started\/","og_site_name":"Internationaler Bund Polska","article_published_time":"2025-06-30T14:11:28+00:00","article_modified_time":"2025-10-28T16:20:19+00:00","og_image":[{"width":2048,"height":1077,"url":"https:\/\/ib-polska.pl\/wp-content\/uploads\/2025\/06\/2025-06-30-cw-zapisy-wakacyjne-kursy-jezykowe-2.jpg","type":"image\/jpeg"}],"author":"Bartek","twitter_card":"summary_large_image","twitter_misc":{"Written by":"Bartek","Est. reading time":"1 minute"},"schema":{"@context":"https:\/\/schema.org","@graph":[{"@type":"Article","@id":"https:\/\/ib-polska.pl\/en\/news\/multicultural-centre-registration-for-summer-language-courses-has-started\/#article","isPartOf":{"@id":"https:\/\/ib-polska.pl\/en\/news\/multicultural-centre-registration-for-summer-language-courses-has-started\/"},"author":{"name":"Bartek","@id":"https:\/\/ib-polska.pl\/en\/#\/schema\/person\/0791d7bad89790aab0f59dc07fed6dba"},"headline":"Multicultural Centre: registration for summer language courses has started","datePublished":"2025-06-30T14:11:28+00:00","dateModified":"2025-10-28T16:20:19+00:00","mainEntityOfPage":{"@id":"https:\/\/ib-polska.pl\/en\/news\/multicultural-centre-registration-for-summer-language-courses-has-started\/"},"wordCount":161,"publisher":{"@id":"https:\/\/ib-polska.pl\/en\/#organization"},"image":{"@id":"https:\/\/ib-polska.pl\/en\/news\/multicultural-centre-registration-for-summer-language-courses-has-started\/#primaryimage"},"thumbnailUrl":"https:\/\/ib-polska.pl\/wp-content\/uploads\/2025\/06\/2025-06-30-cw-zapisy-wakacyjne-kursy-jezykowe-2.jpg","articleSection":["Events of the Multicultural Centre in Krakow","Language courses","Multicultural","Multicultural Centre in Krakow","News"],"inLanguage":"en-US"},{"@type":"WebPage","@id":"https:\/\/ib-polska.pl\/en\/news\/multicultural-centre-registration-for-summer-language-courses-has-started\/","url":"https:\/\/ib-polska.pl\/en\/news\/multicultural-centre-registration-for-summer-language-courses-has-started\/","name":"Multicultural Centre: registration for summer language courses has started - Internationaler Bund Polska","isPartOf":{"@id":"https:\/\/ib-polska.pl\/en\/#website"},"primaryImageOfPage":{"@id":"https:\/\/ib-polska.pl\/en\/news\/multicultural-centre-registration-for-summer-language-courses-has-started\/#primaryimage"},"image":{"@id":"https:\/\/ib-polska.pl\/en\/news\/multicultural-centre-registration-for-summer-language-courses-has-started\/#primaryimage"},"thumbnailUrl":"https:\/\/ib-polska.pl\/wp-content\/uploads\/2025\/06\/2025-06-30-cw-zapisy-wakacyjne-kursy-jezykowe-2.jpg","datePublished":"2025-06-30T14:11:28+00:00","dateModified":"2025-10-28T16:20:19+00:00","breadcrumb":{"@id":"https:\/\/ib-polska.pl\/en\/news\/multicultural-centre-registration-for-summer-language-courses-has-started\/#breadcrumb"},"inLanguage":"en-US","potentialAction":[{"@type":"ReadAction","target":["https:\/\/ib-polska.pl\/en\/news\/multicultural-centre-registration-for-summer-language-courses-has-started\/"]}]},{"@type":"ImageObject","inLanguage":"en-US","@id":"https:\/\/ib-polska.pl\/en\/news\/multicultural-centre-registration-for-summer-language-courses-has-started\/#primaryimage","url":"https:\/\/ib-polska.pl\/wp-content\/uploads\/2025\/06\/2025-06-30-cw-zapisy-wakacyjne-kursy-jezykowe-2.jpg","contentUrl":"https:\/\/ib-polska.pl\/wp-content\/uploads\/2025\/06\/2025-06-30-cw-zapisy-wakacyjne-kursy-jezykowe-2.jpg","width":2048,"height":1077},{"@type":"BreadcrumbList","@id":"https:\/\/ib-polska.pl\/en\/news\/multicultural-centre-registration-for-summer-language-courses-has-started\/#breadcrumb","itemListElement":[{"@type":"ListItem","position":1,"name":"Home","item":"https:\/\/ib-polska.pl\/en\/home\/"},{"@type":"ListItem","position":2,"name":"News","item":"https:\/\/ib-polska.pl\/en\/k\/news\/"},{"@type":"ListItem","position":3,"name":"Multicultural Centre: registration for summer language courses has started"}]},{"@type":"WebSite","@id":"https:\/\/ib-polska.pl\/en\/#website","url":"https:\/\/ib-polska.pl\/en\/","name":"Internationaler Bund Polska","description":"Fundacja Internationaler Bund Polska zosta\u0142a za\u0142o\u017cona w 2004 roku. Jej Fundatorem jest organizacja Internationaler Bund Freier Tr\u00e4ger der Jugend-, Sozial- und Bildungsarbeit e.V. kt\u00f3ra swoj\u0105 tradycj\u0119 rozpocz\u0119\u0142a w 1949 roku na terenie zachodnich Niemiec.","publisher":{"@id":"https:\/\/ib-polska.pl\/en\/#organization"},"potentialAction":[{"@type":"SearchAction","target":{"@type":"EntryPoint","urlTemplate":"https:\/\/ib-polska.pl\/en\/?s={search_term_string}"},"query-input":{"@type":"PropertyValueSpecification","valueRequired":true,"valueName":"search_term_string"}}],"inLanguage":"en-US"},{"@type":"Organization","@id":"https:\/\/ib-polska.pl\/en\/#organization","name":"Internationaler Bund Polska","url":"https:\/\/ib-polska.pl\/en\/","logo":{"@type":"ImageObject","inLanguage":"en-US","@id":"https:\/\/ib-polska.pl\/en\/#\/schema\/logo\/image\/","url":"https:\/\/ib-polska.pl\/wp-content\/uploads\/2024\/06\/logo-2.png","contentUrl":"https:\/\/ib-polska.pl\/wp-content\/uploads\/2024\/06\/logo-2.png","width":193,"height":89,"caption":"Internationaler Bund Polska"},"image":{"@id":"https:\/\/ib-polska.pl\/en\/#\/schema\/logo\/image\/"}},{"@type":"Person","@id":"https:\/\/ib-polska.pl\/en\/#\/schema\/person\/0791d7bad89790aab0f59dc07fed6dba","name":"Bartek","image":{"@type":"ImageObject","inLanguage":"en-US","@id":"https:\/\/secure.gravatar.com\/avatar\/9984e044ec24505a34d47c7302c0ef523d2cbb46c9094fded3149e78927ae958?s=96&d=mm&r=g","url":"https:\/\/secure.gravatar.com\/avatar\/9984e044ec24505a34d47c7302c0ef523d2cbb46c9094fded3149e78927ae958?s=96&d=mm&r=g","contentUrl":"https:\/\/secure.gravatar.com\/avatar\/9984e044ec24505a34d47c7302c0ef523d2cbb46c9094fded3149e78927ae958?s=96&d=mm&r=g","caption":"Bartek"}}]}},"_links":{"self":[{"href":"https:\/\/ib-polska.pl\/en\/wp-json\/wp\/v2\/posts\/17282","targetHints":{"allow":["GET"]}}],"collection":[{"href":"https:\/\/ib-polska.pl\/en\/wp-json\/wp\/v2\/posts"}],"about":[{"href":"https:\/\/ib-polska.pl\/en\/wp-json\/wp\/v2\/types\/post"}],"author":[{"embeddable":true,"href":"https:\/\/ib-polska.pl\/en\/wp-json\/wp\/v2\/users\/8"}],"replies":[{"embeddable":true,"href":"https:\/\/ib-polska.pl\/en\/wp-json\/wp\/v2\/comments?post=17282"}],"version-history":[{"count":1,"href":"https:\/\/ib-polska.pl\/en\/wp-json\/wp\/v2\/posts\/17282\/revisions"}],"predecessor-version":[{"id":17285,"href":"https:\/\/ib-polska.pl\/en\/wp-json\/wp\/v2\/posts\/17282\/revisions\/17285"}],"wp:featuredmedia":[{"embeddable":true,"href":"https:\/\/ib-polska.pl\/en\/wp-json\/wp\/v2\/media\/17273"}],"wp:attachment":[{"href":"https:\/\/ib-polska.pl\/en\/wp-json\/wp\/v2\/media?parent=17282"}],"wp:term":[{"taxonomy":"category","embeddable":true,"href":"https:\/\/ib-polska.pl\/en\/wp-json\/wp\/v2\/categories?post=17282"},{"taxonomy":"post_tag","embeddable":true,"href":"https:\/\/ib-polska.pl\/en\/wp-json\/wp\/v2\/tags?post=17282"}],"curies":[{"name":"wp","href":"https:\/\/api.w.org\/{rel}","templated":true}]}}